{"id":157,"date":"2006-12-13T13:39:08","date_gmt":"2006-12-13T12:39:08","guid":{"rendered":"http:\/\/www.mujerlive.com\/index.php\/2006\/12\/13\/%c2%bfsuperioridad-e-inferioridad-o-actos-impulsivos\/"},"modified":"2006-12-13T13:39:08","modified_gmt":"2006-12-13T12:39:08","slug":"superioridad-e-inferioridad-o-actos-impulsivos","status":"publish","type":"post","link":"http:\/\/www.mujerlive.com\/index.php\/2006\/12\/13\/superioridad-e-inferioridad-o-actos-impulsivos\/","title":{"rendered":"\u00bfSuperioridad e inferioridad o actos impulsivos?"},"content":{"rendered":"<p>En ocasiones decimos cosas que no sentimos, por estar enfurecidos y por no pararnos a pensar si eso que vamos hacer es correcto o, por lo contrario, una actitud impulsiva. Nos negamos a releer cosas que pueden aclarar nuestro furioso estado de \u00e1nimo pero nos parece m\u00e1s justo escribir lo que sentimos, sin reflexionar, por un momento, qu\u00e9 quiso decir la persona que escribi\u00f3 eso.<\/p>\n<p>Es muy probable que no entend\u00e1is a qu\u00e9 viene esto, pero no os preocup\u00e9is, tiempo al tiempo. Hay un art\u00edculo que trata la depilaci\u00f3n de los hombres y en el cual yo dej\u00e9 mi comentario, mi opini\u00f3n de lo que pensaba sobre ese art\u00edculo. Exactamente, mi comentario dec\u00eda as\u00ed: &#8220;Ya dec\u00eda yo que este tipo de art\u00edculos no eran los m\u00edos, pues no me hacen gracia. Un saludo!&#8221; Desde mi punto de vista, este comentario no es negativo ni implica un aire de superioridad o inferioridad ante dicho art\u00edculo en comparaci\u00f3n con los que escribo yo. Simplemente que esa historia en concreto no me hizo gracia, raz\u00f3n por la que puse lo que yo cre\u00eda sobre ese escrito.<\/p>\n<p>\u00bfPor qu\u00e9 opto por aclarar esto? Por una sencilla raz\u00f3n y es que esto lo hacemos a menudo en la vida cotidiana. Antes de preguntar o intentar entender lo que decimos preferimos enfadarnos ante cosas que, tiempo despu\u00e9s, carecen de importancia.<\/p>\n<p>Me gusta este blog, los temas que aqu\u00ed se tratan y la gente que aqu\u00ed comenta. No considero a nadie superior ni inferior respeto a los dem\u00e1s, sino chicas que optamos por pasar parte de nuestro tiempo comentando cosas, divirti\u00e9ndonos y expresando nuestros temores o ideas.<\/p>\n<p>Un saludo!<\/p>\n","protected":false},"excerpt":{"rendered":"<p>En ocasiones decimos cosas que no sentimos, por estar enfurecidos y por no pararnos a pensar si eso que vamos hacer es correcto o, por lo contrario, una actitud impulsiva. Nos negamos a releer cosas que pueden aclarar nuestro furioso estado de \u00e1nimo pero nos parece m\u00e1s justo escribir lo que sentimos, sin reflexionar, por [&hellip;]<\/p>\n","protected":false},"author":28,"featured_media":0,"comment_status":"open","ping_status":"open","sticky":false,"template":"","format":"standard","meta":{"ngg_post_thumbnail":0,"footnotes":""},"categories":[13,15,32],"tags":[],"class_list":["post-157","post","type-post","status-publish","format-standard","hentry","category-estados-de-animo","category-general","category-reflexiones"],"jetpack_featured_media_url":"","_links":{"self":[{"href":"http:\/\/www.mujerlive.com\/index.php\/wp-json\/wp\/v2\/posts\/157","targetHints":{"allow":["GET"]}}],"collection":[{"href":"http:\/\/www.mujerlive.com\/index.php\/wp-json\/wp\/v2\/posts"}],"about":[{"href":"http:\/\/www.mujerlive.com\/index.php\/wp-json\/wp\/v2\/types\/post"}],"author":[{"embeddable":true,"href":"http:\/\/www.mujerlive.com\/index.php\/wp-json\/wp\/v2\/users\/28"}],"replies":[{"embeddable":true,"href":"http:\/\/www.mujerlive.com\/index.php\/wp-json\/wp\/v2\/comments?post=157"}],"version-history":[{"count":0,"href":"http:\/\/www.mujerlive.com\/index.php\/wp-json\/wp\/v2\/posts\/157\/revisions"}],"wp:attachment":[{"href":"http:\/\/www.mujerlive.com\/index.php\/wp-json\/wp\/v2\/media?parent=157"}],"wp:term":[{"taxonomy":"category","embeddable":true,"href":"http:\/\/www.mujerlive.com\/index.php\/wp-json\/wp\/v2\/categories?post=157"},{"taxonomy":"post_tag","embeddable":true,"href":"http:\/\/www.mujerlive.com\/index.php\/wp-json\/wp\/v2\/tags?post=157"}],"curies":[{"name":"wp","href":"https:\/\/api.w.org\/{rel}","templated":true}]}}