{"id":158,"date":"2006-12-13T14:59:25","date_gmt":"2006-12-13T13:59:25","guid":{"rendered":"http:\/\/www.mujerlive.com\/index.php\/2006\/12\/13\/cataluna-un-comercio-justo\/"},"modified":"2006-12-13T14:59:25","modified_gmt":"2006-12-13T13:59:25","slug":"cataluna-un-comercio-justo","status":"publish","type":"post","link":"http:\/\/www.mujerlive.com\/index.php\/2006\/12\/13\/cataluna-un-comercio-justo\/","title":{"rendered":"Catalu\u00f1a&#8230; &#8220;un comercio justo&#8221;"},"content":{"rendered":"<p><strong>\u00bfSabes que el IVA del cava catal\u00e1n es S\u00d3LO para Catalu\u00f1a?<\/strong> Si, y no s\u00f3lo eso:tambi\u00e9n el IVA de toda Espa\u00f1a, al comprar cualquier producto de una empresa con sede en Catalu\u00f1a.<\/p>\n<p>La transferencia del IVA a Catalu\u00f1a:<\/p>\n<p>-Entre las cesiones que ZP ha hecho a Catalu\u00f1a en su nuevo estatuto se incluyen:<\/p>\n<p>\u00b7<strong>el 100% del IVa<\/strong> (antes, el 35%)<br \/>\n\u00b7el 50% del IRPF (antes, el 33%)<br \/>\n\u00b7el 58% de los impuestos especiales (antes, el 40%)<\/p>\n<p>\u00bfQu\u00e9 significa <strong>el 100% del IV<\/strong>A transferido? <strong>Significa que el 100% del IVA de los productos de empresas con sede en Catalu\u00f1a va a parar a manos de ERC+ICV+PSC,<\/strong> para continuar su pol\u00edtica antiespa\u00f1ola.En concreto significa que el 100% del IVA de todo el cava catal\u00e1n vendido en Espa\u00f1a va s\u00f3lo para Catalu\u00f1a. En la pr\u00e1ctica se har\u00e1 una transferencia del IVA de regiones &#8220;pobres&#8221; a<strong> la 4\u00aa<\/strong> regi\u00f3n m\u00e1s rica de Espa\u00f1a (PIB):<\/p>\n<p>Ranking de comunidades (PIB):<\/p>\n<p>-Madrid (129% media UE)<br \/>\n-Navarra(124&#8217;6% media UE)<br \/>\n-Pa\u00eds Vasco(122&#8217;9% media UE)<br \/>\n<strong>-Catalu\u00f1a(117&#8217;8% media UE)<\/strong><\/p>\n<p>Todas las dem\u00e1s comunidades transferir\u00e1n riquezas a Catalu\u00f1a.<\/p>\n<p>Es absurdo dar el IVA de toda Espa\u00f1a a Catalu\u00f1a.Imagina la siguiente situaci\u00f3n:<\/p>\n<p>Compras en Galicia un coche<strong> SEAT (sede en Catalu\u00f1a)<\/strong> el IVA se va s\u00f3lo a Catalu\u00f1a, y no repercute en colegios, hospitales ni nada en Galicia&#8230;<\/p>\n<p>Compras en <strong>Galicia un FORD (sede Ford Espa\u00f1a en Madrid y frabricado en Valencia)<\/strong>, el IVA queda para repartirse entre los m\u00e1s nacesitados en Espa\u00f1a, y repercutir\u00e1 en carreteras,hospitales,etc. en Gal\u00edcia.<\/p>\n<p>La transferencia del 100% del IVA a Catalu\u00f1a es injusta e insolidaria.<\/p>\n<p>Hagamos comercio justo comprando s\u00f3lo productos del resto de espa\u00f1a, pues son los que revertir\u00e1n sus impuestos en nosotros mismos.Y m\u00e1s absurdo todav\u00eda,imagina que <strong>Gas Natural <\/strong>(empresa espa\u00f1ola con sede en Catalu\u00f1a,propiedad de <strong>La Caixa<\/strong>, y controlada por la Generalidad de Catalu\u00f1a) compra <strong>ENDESA<\/strong>..todo el IVA de la electricidad de Espa\u00f1a se ir\u00e1 a Catalu\u00f1a, y el resto no veremos NADA.. Imagina que <strong>E-on (empresa Alemana)<\/strong> compra <strong>ENDESA<\/strong>, todo el IVA de la electricidad de Espa\u00f1a se repartir\u00e1 entre toda Espa\u00f1a,es decir:<\/p>\n<p><strong>&#8211; IVA de empresa extranjera en Espa\u00f1a -&gt; pra toda Espa\u00f1a.<br \/>\n&#8211; IVA de empresa espa\u00f1ola con sede en Catalu\u00f1a -&gt; solo a Catalu\u00f1a.<\/strong><\/p>\n<p>Comercio justo es aquel cuyos beneficios repercuten en los m\u00e1s necesitados, y no en los m\u00e1s ricos.No compremos productos de empresas con sede en Catalu\u00f1a porque tus impuestos ir\u00e1n s\u00f3lo a Catalu\u00f1a, la 4\u00aa regi\u00f3n m\u00e1s rica.Compremos productos del resto de Espa\u00f1a, o incluso extranjeros porque tus impuestos ir\u00e1n a qui\u00e9n m\u00e1s lo necesite en Espa\u00f1a. Listado de empresas con sede en Catalu\u00f1a y alternativas:<\/p>\n<p><a href=\"http:\/\/www.gav-valencianistes.com\/cas\/productes.htm\" target=\"_blank\">Http:\/\/www.gav-valencianistes.com\/cas\/productes.htm<\/a><\/p>\n<p>Los pol\u00edticos catalanes se har\u00e1n las v\u00edctimas, llam\u00e1ndolo &#8220;catalanofobia&#8221; o &#8220;boicot&#8221; pero no lo es, <strong>se trata de comercio justo<\/strong>.<\/p>\n<p>Y <strong>\u00bfQu\u00e9 hacen en Catalu\u00f1a?<\/strong> Campa\u00f1as para comprar profuctos catalanes, es decir, no comprar del resto de Espa\u00f1a.Comprar s\u00f3lo productos de los &#8220;Paises Catalanes&#8221; www.productesdelaterra.cat Muestra el imperialismo catal\u00e1n, pues incluyen adem\u00e1s a Valencia y Baleares (que no tienen ning\u00fan inter\u00e9s en ser parte de Catalu\u00f1a).<\/p>\n<p><strong>Ya est\u00e1 bien de que nos tomen el pelo<\/strong>, hagamos comercio justo, no permitamos que Catalu\u00f1a se convierta en la regi\u00f3n m\u00e1s rica, a costa de las m\u00e1s pobres.Que trabajen.. Compremos productos de empresas con sede fuera de catalu\u00f1a para que nuestros impuestos reviertan en quienes m\u00e1s lo necesiten en Espa\u00f1a, y no s\u00f3lo en Catalu\u00f1a.Esto no es catalonofovia ni boicot, es s\u00f3lo justicia.<\/p>\n<p>Los medios censuran esta informaci\u00f3n y la tachan de boicot, pero es s\u00f3lo informaci\u00f3n que todos debemos tener&#8230;<\/p>\n<p>(Esto no lo he escrito yo, me ha llegado en un email,creo que es muy interesante y que todas deb\u00edamos tener el conocimiento de esto). Saludos \ud83d\ude09<\/p>\n","protected":false},"excerpt":{"rendered":"<p>\u00bfSabes que el IVA del cava catal\u00e1n es S\u00d3LO para Catalu\u00f1a? Si, y no s\u00f3lo eso:tambi\u00e9n el IVA de toda Espa\u00f1a, al comprar cualquier producto de una empresa con sede en Catalu\u00f1a. La transferencia del IVA a Catalu\u00f1a: -Entre las cesiones que ZP ha hecho a Catalu\u00f1a en su nuevo estatuto se incluyen: \u00b7el 100% [&hellip;]<\/p>\n","protected":false},"author":31,"featured_media":0,"comment_status":"open","ping_status":"open","sticky":false,"template":"","format":"standard","meta":{"ngg_post_thumbnail":0,"footnotes":""},"categories":[7,8,15,32],"tags":[],"class_list":["post-158","post","type-post","status-publish","format-standard","hentry","category-curiosidades","category-denuncias","category-general","category-reflexiones"],"jetpack_featured_media_url":"","_links":{"self":[{"href":"http:\/\/www.mujerlive.com\/index.php\/wp-json\/wp\/v2\/posts\/158","targetHints":{"allow":["GET"]}}],"collection":[{"href":"http:\/\/www.mujerlive.com\/index.php\/wp-json\/wp\/v2\/posts"}],"about":[{"href":"http:\/\/www.mujerlive.com\/index.php\/wp-json\/wp\/v2\/types\/post"}],"author":[{"embeddable":true,"href":"http:\/\/www.mujerlive.com\/index.php\/wp-json\/wp\/v2\/users\/31"}],"replies":[{"embeddable":true,"href":"http:\/\/www.mujerlive.com\/index.php\/wp-json\/wp\/v2\/comments?post=158"}],"version-history":[{"count":0,"href":"http:\/\/www.mujerlive.com\/index.php\/wp-json\/wp\/v2\/posts\/158\/revisions"}],"wp:attachment":[{"href":"http:\/\/www.mujerlive.com\/index.php\/wp-json\/wp\/v2\/media?parent=158"}],"wp:term":[{"taxonomy":"category","embeddable":true,"href":"http:\/\/www.mujerlive.com\/index.php\/wp-json\/wp\/v2\/categories?post=158"},{"taxonomy":"post_tag","embeddable":true,"href":"http:\/\/www.mujerlive.com\/index.php\/wp-json\/wp\/v2\/tags?post=158"}],"curies":[{"name":"wp","href":"https:\/\/api.w.org\/{rel}","templated":true}]}}