{"id":86,"date":"2006-12-05T12:38:06","date_gmt":"2006-12-05T11:38:06","guid":{"rendered":"http:\/\/www.mujerlive.com\/index.php\/2006\/12\/05\/mas-alla-de-la-rima-en-on\/"},"modified":"2006-12-05T12:38:06","modified_gmt":"2006-12-05T11:38:06","slug":"mas-alla-de-la-rima-en-on","status":"publish","type":"post","link":"http:\/\/www.mujerlive.com\/index.php\/2006\/12\/05\/mas-alla-de-la-rima-en-on\/","title":{"rendered":"M\u00e1s all\u00e1 de la rima en -\u00f3n"},"content":{"rendered":"<p>La <strong>poes\u00eda <\/strong>no est\u00e1 muy bien vista.<\/p>\n<p>O est\u00e1 tan bien que se asocia a la sensibler\u00eda, lo enrevesado, la realidad aburrida. Tambi\u00e9n con lo femenino y lo masculino afeminado.<\/p>\n<p>Quiz\u00e1s por este motivo y tomando estos prejuicios a favor, en lugar de en contra, hace unos a\u00f1os un grupo de <strong>mujeres poetas<\/strong> de habla hispana reunieron su visi\u00f3n del mundo en una antolog\u00eda que titularon <em>Ellas tienen la palabra,<\/em> con la escritora <a href=\"http:\/\/www.literaturas.com\/1Hiperbreves2002NBenegas.htm\" target=\"_blank\">Noni Benegas<\/a> como prologuista.<\/p>\n<p>Cuando descubr\u00ed este libro en la asignatura <em>Imaginario Femenino<\/em> de mi carrera, agradec\u00ed encontrar por fin una materia interesante y centrada en la <strong>creaci\u00f3n contempor\u00e1nea<\/strong>.<\/p>\n<p>Despu\u00e9s de leer el libro y escuchar atentamente a la profesora, la poes\u00eda para m\u00ed empez\u00f3 a ser algo m\u00e1s que el misterio de <a href=\"http:\/\/www.epdlp.com\/escritor.php?id=1448\" target=\"_blank\">Baudelaire<\/a>, lo empalagoso de <a href=\"http:\/\/www.xtec.cat\/~jcosta\/\" target=\"_blank\">Becquer <\/a>o la aridez de <a href=\"http:\/\/www.mujerlive.com\/Antonio%20Machado\" target=\"_blank\">Machado<\/a>. Aquellas p\u00e1ginas desvelaban realidades de mujeres escritas desde una perspectiva inalcanzable para el hombre. No s\u00f3lo los contenidos calaban hondo a cualquier lectora que se aproximara a los versos, sino tambi\u00e9n, y sobre todo la forma en la que estos<strong> <\/strong>estaban construidos. Versos libres,<strong> <\/strong>lenguaje directo, claro, prosa\u00edco en muchas ocasiones y no por ello exento de emoci\u00f3n. Digno de leer.<br \/>\nOs culego algunas de las composiciones que m\u00e1s me cautivaron con la esperanza de que a todas aquellas que la poes\u00eda les pareci\u00f3 siempre algo infumable, comiencen a abrirse a <strong>nuevos conceptos mucho m\u00e1s tangibles y cercanos<\/strong>.<\/p>\n<p><strong>Co\u00f1o azul<\/strong><\/p>\n<p>Mi co\u00f1o es negro como carb\u00f3n<br \/>\nevaporado. Pero se vuelve azul a la luz<br \/>\nde la tele y de la luna.<br \/>\nLa caracter\u00edstica m\u00e1s peculiar que<br \/>\nexplica su color y su forma<br \/>\nes<br \/>\nque tiene circulaci\u00f3n lenta y<br \/>\nestremecida que va navegando hacia la<br \/>\ntinta de las venas y se abre al desamparo<br \/>\nde mi dormitorio como si<br \/>\ncomprendiese que un dedo impenetrable,<br \/>\nmasculino,<br \/>\nno pasara por \u00e9l ni por las s\u00e1banas.<\/p>\n<p>Ser\u00eda una esperanza considerar<br \/>\nque sobre mi co\u00f1o solitario a\u00fan pueden<br \/>\ncaber vol\u00famenes remotos<br \/>\no<br \/>\nun pa\u00f1uelo azul que penetrase las dos<br \/>\nmitades h\u00famedas y abiertas y as\u00ed pasar<br \/>\nesta tela azul, ensangrentada,<br \/>\nqued\u00e1ndose,<br \/>\nrompi\u00e9ndome<br \/>\nporque mi co\u00f1o ya es invencible,<br \/>\nmi enemigo.<\/p>\n<p><a href=\"http:\/\/www.islacorreyero.com\/default.html\" target=\"_blank\">Isla Correyero<\/a><\/p>\n<p><strong>Te supe fr\u00e1gil y desnudo<\/strong><\/p>\n<p>Te supe fr\u00e1gil y desnudo,<br \/>\ntan fr\u00e1gil eras, tan desnudo<br \/>\nque se quebr\u00f3 tu sombra al respirar.<br \/>\nAbr\u00ed la puerta y las voces del agua<br \/>\nadoptaron la forma de tu cuerpo.<br \/>\nTan leve parec\u00edas, tan al borde<br \/>\nde ti<br \/>\nque la noche aprendi\u00f3<br \/>\nel modo de dormirse sobre el rio<\/p>\n<p><a href=\"http:\/\/amediavoz.com\/maillard.htm\" target=\"_blank\">Chantal Maillard <\/a><\/p>\n<p><strong>La pasi\u00f3n<\/strong><\/p>\n<p>Salimos del amor<br \/>\ncomo de una cat\u00e1strofe a\u00e9rea<br \/>\nHab\u00edamos perdido la ropa<br \/>\nlos papeles<br \/>\na m\u00ed me faltaba un diente<br \/>\nya ti la noci\u00f3n del tiempo<br \/>\n\u00bfEra un a\u00f1o largo como un siglo<br \/>\no un siglo corto como un d\u00eda?<br \/>\nPor los muebles<br \/>\npor la casa<br \/>\ndespojos rotos:<br \/>\nvasos fotos libros deshojados<br \/>\n\u00c9ramos los sobrevivientes<br \/>\nde un derrumbe<br \/>\nde un volc\u00e1n<br \/>\nde las aguas arrebatadas<br \/>\ny nos despedimos con la vaga sensaci\u00f3n<br \/>\nde haber sobrevivido<br \/>\naunque no sab\u00edamos para qu\u00e9.<\/p>\n<p><a href=\"http:\/\/amediavoz.com\/perirossi.htm\" target=\"_blank\">Cristina Peri Rossi<\/a><\/p>\n<p>M\u00e1s poes\u00eda de todo tipo en <a href=\"http:\/\/www.amediavoz.com\/\" target=\"_blank\">A media voz<\/a><\/p>\n","protected":false},"excerpt":{"rendered":"<p>La poes\u00eda no est\u00e1 muy bien vista. O est\u00e1 tan bien que se asocia a la sensibler\u00eda, lo enrevesado, la realidad aburrida. Tambi\u00e9n con lo femenino y lo masculino afeminado. Quiz\u00e1s por este motivo y tomando estos prejuicios a favor, en lugar de en contra, hace unos a\u00f1os un grupo de mujeres poetas de habla [&hellip;]<\/p>\n","protected":false},"author":25,"featured_media":0,"comment_status":"open","ping_status":"open","sticky":false,"template":"","format":"standard","meta":{"ngg_post_thumbnail":0,"footnotes":""},"categories":[7,15,20,29,30],"tags":[],"class_list":["post-86","post","type-post","status-publish","format-standard","hentry","category-curiosidades","category-general","category-literatura","category-personajes","category-poesia"],"jetpack_featured_media_url":"","_links":{"self":[{"href":"http:\/\/www.mujerlive.com\/index.php\/wp-json\/wp\/v2\/posts\/86","targetHints":{"allow":["GET"]}}],"collection":[{"href":"http:\/\/www.mujerlive.com\/index.php\/wp-json\/wp\/v2\/posts"}],"about":[{"href":"http:\/\/www.mujerlive.com\/index.php\/wp-json\/wp\/v2\/types\/post"}],"author":[{"embeddable":true,"href":"http:\/\/www.mujerlive.com\/index.php\/wp-json\/wp\/v2\/users\/25"}],"replies":[{"embeddable":true,"href":"http:\/\/www.mujerlive.com\/index.php\/wp-json\/wp\/v2\/comments?post=86"}],"version-history":[{"count":0,"href":"http:\/\/www.mujerlive.com\/index.php\/wp-json\/wp\/v2\/posts\/86\/revisions"}],"wp:attachment":[{"href":"http:\/\/www.mujerlive.com\/index.php\/wp-json\/wp\/v2\/media?parent=86"}],"wp:term":[{"taxonomy":"category","embeddable":true,"href":"http:\/\/www.mujerlive.com\/index.php\/wp-json\/wp\/v2\/categories?post=86"},{"taxonomy":"post_tag","embeddable":true,"href":"http:\/\/www.mujerlive.com\/index.php\/wp-json\/wp\/v2\/tags?post=86"}],"curies":[{"name":"wp","href":"https:\/\/api.w.org\/{rel}","templated":true}]}}