{"id":94,"date":"2006-12-06T12:08:09","date_gmt":"2006-12-06T11:08:09","guid":{"rendered":"http:\/\/www.mujerlive.com\/index.php\/2006\/12\/06\/diseno-mujerlive\/"},"modified":"2006-12-06T12:08:09","modified_gmt":"2006-12-06T11:08:09","slug":"diseno-mujerlive","status":"publish","type":"post","link":"http:\/\/www.mujerlive.com\/index.php\/2006\/12\/06\/diseno-mujerlive\/","title":{"rendered":"Dise\u00f1o MujerLive"},"content":{"rendered":"<p>S\u00f3lo quer\u00eda dar mi opini\u00f3n sobre el <strong>dise\u00f1o <\/strong>de la p\u00e1gina y hacer algunas <strong>sugerencias<\/strong>. Me gustar\u00eda tambi\u00e9n saber qu\u00e9 prefer\u00eds las dem\u00e1s:<\/p>\n<p>Me gustaba m\u00e1s el <strong>color <\/strong>que ten\u00edais antes en lugar del morado, creo que era el verde o el azul marino. El caso es que con el de antes me resultaba m\u00e1s c\u00f3modo leeros. La cabecera de la mujer s\u00ed me parece un acierto, aunque el paisaje anterior transmit\u00eda mucha calma y buen rollo.<\/p>\n<p>En alg\u00fan momento he echado en falta alguna <strong>secci\u00f3n <\/strong>donde se incluyan todas las <strong>redactoras <\/strong>que participamos, para as\u00ed poder ver su perfil y los art\u00edculos que ha colgado. S\u00e9 que se puede hacer pinchando sobre su nombre, pero es un poco engorroso tener que ir art\u00edculo por art\u00edculo buscando todas las autoras. \u00bfQue tal agruparlas en una secci\u00f3n? \u00bfSe podr\u00eda incluir tambi\u00e9n una foto o imagen de cada una?<\/p>\n<p>Otra idea que se me hab\u00eda ocurrido es que pudiesemos a\u00f1adir <strong>enlaces<\/strong>, pero como somos muchas y seguro con un mont\u00f3n de sitios por recomendar, quiz\u00e1s podr\u00edamos proponer cada una un par o que las administradoras seleccionen lo m\u00e1s interesante.<\/p>\n<p>\u00bfQu\u00e9 tal poder ver tambi\u00e9n qu\u00e9 <strong>usuarios <\/strong>estamos <strong>on line<\/strong>?<\/p>\n<p>Eso es todo amigos, felic\u00edsimo puente a los que estamos en Espa\u00f1a y a disfrutar de cada ratito!<\/p>\n","protected":false},"excerpt":{"rendered":"<p>S\u00f3lo quer\u00eda dar mi opini\u00f3n sobre el dise\u00f1o de la p\u00e1gina y hacer algunas sugerencias. Me gustar\u00eda tambi\u00e9n saber qu\u00e9 prefer\u00eds las dem\u00e1s: Me gustaba m\u00e1s el color que ten\u00edais antes en lugar del morado, creo que era el verde o el azul marino. El caso es que con el de antes me resultaba m\u00e1s [&hellip;]<\/p>\n","protected":false},"author":25,"featured_media":0,"comment_status":"open","ping_status":"open","sticky":false,"template":"","format":"standard","meta":{"ngg_post_thumbnail":0,"footnotes":""},"categories":[15,37],"tags":[],"class_list":["post-94","post","type-post","status-publish","format-standard","hentry","category-general","category-tendencias"],"jetpack_featured_media_url":"","_links":{"self":[{"href":"http:\/\/www.mujerlive.com\/index.php\/wp-json\/wp\/v2\/posts\/94","targetHints":{"allow":["GET"]}}],"collection":[{"href":"http:\/\/www.mujerlive.com\/index.php\/wp-json\/wp\/v2\/posts"}],"about":[{"href":"http:\/\/www.mujerlive.com\/index.php\/wp-json\/wp\/v2\/types\/post"}],"author":[{"embeddable":true,"href":"http:\/\/www.mujerlive.com\/index.php\/wp-json\/wp\/v2\/users\/25"}],"replies":[{"embeddable":true,"href":"http:\/\/www.mujerlive.com\/index.php\/wp-json\/wp\/v2\/comments?post=94"}],"version-history":[{"count":0,"href":"http:\/\/www.mujerlive.com\/index.php\/wp-json\/wp\/v2\/posts\/94\/revisions"}],"wp:attachment":[{"href":"http:\/\/www.mujerlive.com\/index.php\/wp-json\/wp\/v2\/media?parent=94"}],"wp:term":[{"taxonomy":"category","embeddable":true,"href":"http:\/\/www.mujerlive.com\/index.php\/wp-json\/wp\/v2\/categories?post=94"},{"taxonomy":"post_tag","embeddable":true,"href":"http:\/\/www.mujerlive.com\/index.php\/wp-json\/wp\/v2\/tags?post=94"}],"curies":[{"name":"wp","href":"https:\/\/api.w.org\/{rel}","templated":true}]}}